{"id":3475,"date":"2025-07-31T17:38:50","date_gmt":"2025-07-31T15:38:50","guid":{"rendered":"https:\/\/intrasl.net\/?p=3475"},"modified":"2025-07-31T17:41:03","modified_gmt":"2025-07-31T15:41:03","slug":"la-generalitat-canvia-la-denominacio-dels-premis-de-seguretat-viaria-en-honor-a-ole-thorson","status":"publish","type":"post","link":"https:\/\/intrasl.net\/ca\/la-generalitat-canvia-la-denominacio-dels-premis-de-seguretat-viaria-en-honor-a-ole-thorson\/","title":{"rendered":"La Generalitat canvia la denominaci\u00f3 dels premis de seguretat vi\u00e0ria en honor a Ole Thorson"},"content":{"rendered":"\n<p>El Govern de la Generalitat de Catalunya ha aprovat el\u00a0<strong><a href=\"https:\/\/portaljuridic.gencat.cat\/ca\/document-del-pjur\/?documentId=1021160&amp;validity=2102633&amp;traceability=01&amp;language=ca\" target=\"_blank\" rel=\"noreferrer noopener nofollow\">Decret 167\/2025<\/a><\/strong>, pel qual es modifica el\u00a0<strong>Decret 57\/2015<\/strong>\u00a0que regula els premis de seguretat vi\u00e0ria atorgats pel Servei Catal\u00e0 de Tr\u00e0nsit. A partir d\u2019ara, aquests guardons passaran a denominar-se\u00a0<strong>Premis Ole Thorson de Seguretat Vi\u00e0ria<\/strong>, en homenatge a l\u2019enginyer dan\u00e8s i catal\u00e0 d\u2019adopci\u00f3, pioner en pol\u00edtiques de mobilitat sostenible i defensor de la \u201cVisi\u00f3 Zero\u201d.<\/p>\n\n\n\n<p>Ole Thorson va ser una figura clau en la promoci\u00f3 de ciutats m\u00e9s segures i sostenibles, liderant entitats com&nbsp;<strong>Catalunya Camina<\/strong>,&nbsp;<strong>Promoci\u00f3 del Transport P\u00fablic<\/strong>&nbsp;i la&nbsp;<strong>Federaci\u00f3 Internacional de Vianants<\/strong>. El seu llegat ha estat fonamental en la conscienciaci\u00f3 social sobre la seguretat vi\u00e0ria i la descarbonitzaci\u00f3 urbana.<\/p>\n\n\n\n<p>A m\u00e9s del canvi de nom, el decret introdueix una&nbsp;<strong>modificaci\u00f3 en la composici\u00f3 de la Comissi\u00f3 de Valoraci\u00f3<\/strong>&nbsp;dels premis, adaptant-la a l\u2019estructura actual del Servei Catal\u00e0 de Tr\u00e0nsit i del Departament d\u2019Interior. La nova comissi\u00f3 estar\u00e0 presidida pel\/la director\/a del Servei Catal\u00e0 de Tr\u00e0nsit i inclour\u00e0 dos vocals designats pel conseller competent, garantint la representaci\u00f3 parit\u00e0ria.<\/p>\n","protected":false},"excerpt":{"rendered":"<p>El Govern de la Generalitat de Catalunya ha aprovat el\u00a0Decret 167\/2025, pel qual es modifica el\u00a0Decret 57\/2015\u00a0que regula els premis de seguretat vi\u00e0ria atorgats pel Servei Catal\u00e0 de Tr\u00e0nsit. A partir d\u2019ara, aquests guardons passaran a denominar-se\u00a0Premis Ole Thorson de Seguretat Vi\u00e0ria, en homenatge a l\u2019enginyer dan\u00e8s i catal\u00e0 d\u2019adopci\u00f3, pioner en pol\u00edtiques de mobilitat [&hellip;]<\/p>\n","protected":false},"author":2,"featured_media":1300,"comment_status":"closed","ping_status":"open","sticky":false,"template":"","format":"standard","meta":{"rank_math_lock_modified_date":false,"footnotes":""},"categories":[2],"tags":[92],"categoria_servicio":[50],"area_de_actuacion":[43],"class_list":["post-3475","post","type-post","status-publish","format-standard","has-post-thumbnail","hentry","category-noticies","tag-seguretat-viaria-ca","categoria_servicio-gestio-de-la-seguretat-viaria","area_de_actuacion-seguretat-viaria"],"acf":[],"_links":{"self":[{"href":"https:\/\/intrasl.net\/ca\/wp-json\/wp\/v2\/posts\/3475","targetHints":{"allow":["GET"]}}],"collection":[{"href":"https:\/\/intrasl.net\/ca\/wp-json\/wp\/v2\/posts"}],"about":[{"href":"https:\/\/intrasl.net\/ca\/wp-json\/wp\/v2\/types\/post"}],"author":[{"embeddable":true,"href":"https:\/\/intrasl.net\/ca\/wp-json\/wp\/v2\/users\/2"}],"replies":[{"embeddable":true,"href":"https:\/\/intrasl.net\/ca\/wp-json\/wp\/v2\/comments?post=3475"}],"version-history":[{"count":1,"href":"https:\/\/intrasl.net\/ca\/wp-json\/wp\/v2\/posts\/3475\/revisions"}],"predecessor-version":[{"id":3476,"href":"https:\/\/intrasl.net\/ca\/wp-json\/wp\/v2\/posts\/3475\/revisions\/3476"}],"wp:featuredmedia":[{"embeddable":true,"href":"https:\/\/intrasl.net\/ca\/wp-json\/wp\/v2\/media\/1300"}],"wp:attachment":[{"href":"https:\/\/intrasl.net\/ca\/wp-json\/wp\/v2\/media?parent=3475"}],"wp:term":[{"taxonomy":"category","embeddable":true,"href":"https:\/\/intrasl.net\/ca\/wp-json\/wp\/v2\/categories?post=3475"},{"taxonomy":"post_tag","embeddable":true,"href":"https:\/\/intrasl.net\/ca\/wp-json\/wp\/v2\/tags?post=3475"},{"taxonomy":"categoria_servicio","embeddable":true,"href":"https:\/\/intrasl.net\/ca\/wp-json\/wp\/v2\/categoria_servicio?post=3475"},{"taxonomy":"area_de_actuacion","embeddable":true,"href":"https:\/\/intrasl.net\/ca\/wp-json\/wp\/v2\/area_de_actuacion?post=3475"}],"curies":[{"name":"wp","href":"https:\/\/api.w.org\/{rel}","templated":true}]}}