{"id":3185,"date":"2023-06-07T17:25:00","date_gmt":"2023-06-07T15:25:00","guid":{"rendered":"https:\/\/intrasl.net\/?p=3185"},"modified":"2023-07-05T17:34:09","modified_gmt":"2023-07-05T15:34:09","slug":"actualitzacio-del-manual-de-dispositius-del-peru","status":"publish","type":"post","link":"https:\/\/intrasl.net\/ca\/actualitzacio-del-manual-de-dispositius-del-peru\/","title":{"rendered":"Actualitzaci\u00f3 del Manual de Dispositius del Per\u00fa"},"content":{"rendered":"\n<p>El Ministerio de Transportes y Comunicaciones del Per\u00fa ha publicat una actualitzaci\u00f3 del Manual de Dispositius per tal d'introduir una nova senyalitzaci\u00f3 reglada, en particular per a vianants i bicicletes.<\/p>\n\n\n\n<p>Aquesta actualitzaci\u00f3 inclou senyals novedoses com la I-40 (via per bicis i VMP) o la I-47 (estacionament per a bicicleta de c\u00e0rrega). A m\u00e9s inclou detalls de la \"Gu\u00eda para el dise\u00f1o de infraestructura ciclista en intersecciones\" en la qual INTRA va redactar conjuntament amb Transis.<\/p>\n\n\n\n<ul class=\"wp-block-list\">\n<li><a href=\"https:\/\/www.gob.pe\/institucion\/mtc\/normas-legales\/4285837-009-2023-mtc-18\" target=\"_blank\" rel=\"noreferrer noopener nofollow\">Resoluci\u00f3 Directoral N.\u00ba 009-2023-MTC\/18<\/a><\/li>\n\n\n\n<li><a href=\"https:\/\/intrasl.net\/ca\/publicacions\/\" data-type=\"page\" data-id=\"2830\">Publicacions d'INTRA<\/a><\/li>\n<\/ul>\n","protected":false},"excerpt":{"rendered":"<p>El Ministerio de Transportes y Comunicaciones del Per\u00fa ha publicat una actualitzaci\u00f3 del Manual de Dispositius per tal d'introduir una nova senyalitzaci\u00f3 reglada, en particular per a vianants i bicicletes.<\/p>\n","protected":false},"author":2,"featured_media":3183,"comment_status":"open","ping_status":"open","sticky":false,"template":"","format":"standard","meta":{"rank_math_lock_modified_date":false,"footnotes":""},"categories":[2],"tags":[84,85,76],"categoria_servicio":[40],"area_de_actuacion":[51,43],"class_list":["post-3185","post","type-post","status-publish","format-standard","has-post-thumbnail","hentry","category-noticies","tag-bicicleta","tag-peru-2","tag-seguretat-viaria","categoria_servicio-consultoria-especifica","area_de_actuacion-mobilitat-activa-vianants-i-bicicletes","area_de_actuacion-seguretat-viaria"],"acf":[],"_links":{"self":[{"href":"https:\/\/intrasl.net\/ca\/wp-json\/wp\/v2\/posts\/3185","targetHints":{"allow":["GET"]}}],"collection":[{"href":"https:\/\/intrasl.net\/ca\/wp-json\/wp\/v2\/posts"}],"about":[{"href":"https:\/\/intrasl.net\/ca\/wp-json\/wp\/v2\/types\/post"}],"author":[{"embeddable":true,"href":"https:\/\/intrasl.net\/ca\/wp-json\/wp\/v2\/users\/2"}],"replies":[{"embeddable":true,"href":"https:\/\/intrasl.net\/ca\/wp-json\/wp\/v2\/comments?post=3185"}],"version-history":[{"count":1,"href":"https:\/\/intrasl.net\/ca\/wp-json\/wp\/v2\/posts\/3185\/revisions"}],"predecessor-version":[{"id":3186,"href":"https:\/\/intrasl.net\/ca\/wp-json\/wp\/v2\/posts\/3185\/revisions\/3186"}],"wp:featuredmedia":[{"embeddable":true,"href":"https:\/\/intrasl.net\/ca\/wp-json\/wp\/v2\/media\/3183"}],"wp:attachment":[{"href":"https:\/\/intrasl.net\/ca\/wp-json\/wp\/v2\/media?parent=3185"}],"wp:term":[{"taxonomy":"category","embeddable":true,"href":"https:\/\/intrasl.net\/ca\/wp-json\/wp\/v2\/categories?post=3185"},{"taxonomy":"post_tag","embeddable":true,"href":"https:\/\/intrasl.net\/ca\/wp-json\/wp\/v2\/tags?post=3185"},{"taxonomy":"categoria_servicio","embeddable":true,"href":"https:\/\/intrasl.net\/ca\/wp-json\/wp\/v2\/categoria_servicio?post=3185"},{"taxonomy":"area_de_actuacion","embeddable":true,"href":"https:\/\/intrasl.net\/ca\/wp-json\/wp\/v2\/area_de_actuacion?post=3185"}],"curies":[{"name":"wp","href":"https:\/\/api.w.org\/{rel}","templated":true}]}}